{"id":1446,"date":"2017-10-23T13:44:32","date_gmt":"2017-10-23T12:44:32","guid":{"rendered":"http:\/\/maitallurgie.be\/?p=1446"},"modified":"2017-10-23T13:44:32","modified_gmt":"2017-10-23T12:44:32","slug":"edition-2018-du-festival-a-vos-marques","status":"publish","type":"post","link":"https:\/\/maitallurgie.be\/2016\/edition-2018-du-festival-a-vos-marques\/","title":{"rendered":"Edition 2018 du Festival, \u00e0 vos marques!"},"content":{"rendered":"<div class=\"entry-content\">\n<h2>Et voil\u00e0, c\u2019est reparti !<\/h2>\n<p>La premi\u00e8re r\u00e9union de coordination a eu lieu vendredi 20 oct dans les locaux d\u2019Avanti. Grosse envie de remettre \u00e7a et un paquet d\u2019id\u00e9es qui s\u2019esquissent d\u00e9j\u00e0 !<\/p>\n<p>La prochaine \u00e9dition du Festival prendra ses quartiers sur la place centrale de Marchienne-au-Pont, face \u00e0 l\u2019\u00e9glise.<\/p>\n<p>La th\u00e9matique de cette ann\u00e9e se focalise sur les espaces publics et, plus sp\u00e9cifiquement sur les places et s\u2019intitule :<\/p>\n<h1 style=\"text-align: center;\">\u00ab\u00a0des places et vous !\u00a0\u00bb<\/h1>\n<p><img loading=\"lazy\" decoding=\"async\" class=\"size-full wp-image-1443 aligncenter\" src=\"http:\/\/maitallurgie.be\/wp-content\/uploads\/2017\/10\/Metasitu_Public-Space-Inventory-2011.gif\" alt=\"Metasitu_Public-Space-Inventory--2011\" width=\"250\" height=\"250\" \/><\/p>\n<p>&nbsp;<\/p>\n<p>&nbsp;<\/p>\n<p>&nbsp;<\/p>\n<p>Pas encore de logo, de visuel \u00e0 se mettre sous la dent mais cela ne saurait tarder.<\/p>\n<p>RDV au mois de mai 2018 \u00e0 Marchienne.<\/p>\n<\/div>\n","protected":false},"excerpt":{"rendered":"<p>Et voil\u00e0, c\u2019est reparti ! La premi\u00e8re r\u00e9union de coordination a eu lieu vendredi 20 oct dans les locaux d\u2019Avanti. Grosse envie de remettre \u00e7a et un paquet d\u2019id\u00e9es qui s\u2019esquissent d\u00e9j\u00e0 ! La prochaine \u00e9dition du Festival prendra ses quartiers sur la place centrale de Marchienne-au-Pont, face \u00e0 l\u2019\u00e9glise. La th\u00e9matique de cette ann\u00e9e &hellip; <a href=\"https:\/\/maitallurgie.be\/2016\/edition-2018-du-festival-a-vos-marques\/\" class=\"more-link\">Continuer la lecture<span class=\"screen-reader-text\"> de &laquo;&nbsp;Edition 2018 du Festival, \u00e0 vos marques!&nbsp;&raquo;<\/span><\/a><\/p>\n","protected":false},"author":1,"featured_media":1441,"comment_status":"open","ping_status":"open","sticky":false,"template":"","format":"standard","meta":{"footnotes":""},"categories":[3],"tags":[52],"class_list":["post-1446","post","type-post","status-publish","format-standard","has-post-thumbnail","hentry","category-communication","tag-52"],"_links":{"self":[{"href":"https:\/\/maitallurgie.be\/2016\/wp-json\/wp\/v2\/posts\/1446","targetHints":{"allow":["GET"]}}],"collection":[{"href":"https:\/\/maitallurgie.be\/2016\/wp-json\/wp\/v2\/posts"}],"about":[{"href":"https:\/\/maitallurgie.be\/2016\/wp-json\/wp\/v2\/types\/post"}],"author":[{"embeddable":true,"href":"https:\/\/maitallurgie.be\/2016\/wp-json\/wp\/v2\/users\/1"}],"replies":[{"embeddable":true,"href":"https:\/\/maitallurgie.be\/2016\/wp-json\/wp\/v2\/comments?post=1446"}],"version-history":[{"count":1,"href":"https:\/\/maitallurgie.be\/2016\/wp-json\/wp\/v2\/posts\/1446\/revisions"}],"predecessor-version":[{"id":1447,"href":"https:\/\/maitallurgie.be\/2016\/wp-json\/wp\/v2\/posts\/1446\/revisions\/1447"}],"wp:featuredmedia":[{"embeddable":true,"href":"https:\/\/maitallurgie.be\/2016\/wp-json\/wp\/v2\/media\/1441"}],"wp:attachment":[{"href":"https:\/\/maitallurgie.be\/2016\/wp-json\/wp\/v2\/media?parent=1446"}],"wp:term":[{"taxonomy":"category","embeddable":true,"href":"https:\/\/maitallurgie.be\/2016\/wp-json\/wp\/v2\/categories?post=1446"},{"taxonomy":"post_tag","embeddable":true,"href":"https:\/\/maitallurgie.be\/2016\/wp-json\/wp\/v2\/tags?post=1446"}],"curies":[{"name":"wp","href":"https:\/\/api.w.org\/{rel}","templated":true}]}}