{"id":1202,"date":"2016-05-26T14:00:29","date_gmt":"2016-05-26T13:00:29","guid":{"rendered":"http:\/\/maitallurgie.be\/?p=1202"},"modified":"2016-05-26T14:01:16","modified_gmt":"2016-05-26T13:01:16","slug":"concert-nous-defrichons-au-fil-de-lart","status":"publish","type":"post","link":"https:\/\/maitallurgie.be\/2016\/concert-nous-defrichons-au-fil-de-lart\/","title":{"rendered":"Concert : \u00ab\u00a0nous d\u00e9frichons au fil de l&rsquo;art\u00a0\u00bb"},"content":{"rendered":"<p><span style=\"color: #000000;\">Venez d\u00e9couvrir les prestations\u00a0de l&rsquo;Acad\u00e9mie de Marchienne ce samedi 28 mai, de 15h00 \u00e0 20h00 au Rockerill.<\/span><\/p>\n<p><span style=\"color: #000000;\">Des plus classiques aux plus exp\u00e9rimentales, les prestations propos\u00e9es par les \u00e9l\u00e8ves et professeurs de l\u2019Acad\u00e9mie combleront un large public :<\/span><\/p>\n<ul>\n<li><span style=\"color: #000000;\">le groupe \u00ab art dramatique \u00bb proposera des capsules d\u2019improvisation abordant, de fa\u00e7on positive, les questions du v\u00e9cu des enfants, le pass\u00e9 g\u00e9rant notre futur, la vie en soci\u00e9t\u00e9<\/span><\/li>\n<li><span style=\"color: #000000;\">l\u2019\u00ab Ensemble instrumental d\u2019accord\u00e9on \u00bb avec notamment des medley \u00ab Edith Piaf \u00bb et \u00ab Rendez-vous avec Gershwin \u00bb<\/span><\/li>\n<li><span style=\"color: #000000;\">le groupe \u00ab guitare rock et ensemble \u00bb dans une formule \u00a0\u00ab\u00a0band rock, blues, funk\u00a0\u00bb<\/span><\/li>\n<li><span style=\"color: #000000;\">\u00a0le groupe d\u2019ensemble instrumental \u00ab cordes enfants \u00bb<\/span><\/li>\n<li><span style=\"color: #000000;\">la musique du monde du groupe d\u2019ensemble de trombones, d\u2019un duo de violoncelle &amp; piano et des groupes de chant d\u2019ensemble<\/span><\/li>\n<li><span style=\"color: #000000;\">le Trio Jazzy pour clarinette, violoncelle et piano<\/span><\/li>\n<li><span style=\"color: #000000;\">\u00a0un set slam\/rap\/medley de beatbox et body druming<\/span><\/li>\n<li><span style=\"color: #000000;\">de l\u2019impro live avec du soundpainting\/num\u00e9rique\/rythm with signes\u2026<\/span><\/li>\n<\/ul>\n<p><span style=\"color: #000000;\">Une journ\u00e9e consacr\u00e9e aux arts dans le cadre brut et envo\u00fbtant des anciennes Forges de la Providence.<\/span><\/p>\n<p>&nbsp;<\/p>\n<p>&nbsp;<\/p>\n","protected":false},"excerpt":{"rendered":"<p>Venez d\u00e9couvrir les prestations\u00a0de l&rsquo;Acad\u00e9mie de Marchienne ce samedi 28 mai, de 15h00 \u00e0 20h00 au Rockerill. Des plus classiques aux plus exp\u00e9rimentales, les prestations propos\u00e9es par les \u00e9l\u00e8ves et professeurs de l\u2019Acad\u00e9mie combleront un large public : le groupe \u00ab art dramatique \u00bb proposera des capsules d\u2019improvisation abordant, de fa\u00e7on positive, les questions du &hellip; <a href=\"https:\/\/maitallurgie.be\/2016\/concert-nous-defrichons-au-fil-de-lart\/\" class=\"more-link\">Continuer la lecture<span class=\"screen-reader-text\"> de &laquo;&nbsp;Concert : \u00ab\u00a0nous d\u00e9frichons au fil de l&rsquo;art\u00a0\u00bb&nbsp;&raquo;<\/span><\/a><\/p>\n","protected":false},"author":5,"featured_media":1203,"comment_status":"open","ping_status":"open","sticky":false,"template":"","format":"standard","meta":{"footnotes":""},"categories":[10,4],"tags":[],"class_list":["post-1202","post","type-post","status-publish","format-standard","has-post-thumbnail","hentry","category-event","category-spectacle"],"_links":{"self":[{"href":"https:\/\/maitallurgie.be\/2016\/wp-json\/wp\/v2\/posts\/1202","targetHints":{"allow":["GET"]}}],"collection":[{"href":"https:\/\/maitallurgie.be\/2016\/wp-json\/wp\/v2\/posts"}],"about":[{"href":"https:\/\/maitallurgie.be\/2016\/wp-json\/wp\/v2\/types\/post"}],"author":[{"embeddable":true,"href":"https:\/\/maitallurgie.be\/2016\/wp-json\/wp\/v2\/users\/5"}],"replies":[{"embeddable":true,"href":"https:\/\/maitallurgie.be\/2016\/wp-json\/wp\/v2\/comments?post=1202"}],"version-history":[{"count":3,"href":"https:\/\/maitallurgie.be\/2016\/wp-json\/wp\/v2\/posts\/1202\/revisions"}],"predecessor-version":[{"id":1206,"href":"https:\/\/maitallurgie.be\/2016\/wp-json\/wp\/v2\/posts\/1202\/revisions\/1206"}],"wp:featuredmedia":[{"embeddable":true,"href":"https:\/\/maitallurgie.be\/2016\/wp-json\/wp\/v2\/media\/1203"}],"wp:attachment":[{"href":"https:\/\/maitallurgie.be\/2016\/wp-json\/wp\/v2\/media?parent=1202"}],"wp:term":[{"taxonomy":"category","embeddable":true,"href":"https:\/\/maitallurgie.be\/2016\/wp-json\/wp\/v2\/categories?post=1202"},{"taxonomy":"post_tag","embeddable":true,"href":"https:\/\/maitallurgie.be\/2016\/wp-json\/wp\/v2\/tags?post=1202"}],"curies":[{"name":"wp","href":"https:\/\/api.w.org\/{rel}","templated":true}]}}