{"id":487,"date":"2022-05-03T16:54:25","date_gmt":"2022-05-03T14:54:25","guid":{"rendered":"http:\/\/maitallurgie.be\/2022\/?p=487"},"modified":"2022-05-27T11:05:05","modified_gmt":"2022-05-27T09:05:05","slug":"ouverture-officielle-du-festival","status":"publish","type":"post","link":"http:\/\/maitallurgie.be\/2022\/ouverture-officielle-du-festival\/","title":{"rendered":"Ouverture officielle du festival !"},"content":{"rendered":"\n<p><strong>C&rsquo;est ce 6 mai 2022 \u00e0 18h30&nbsp;que sera officiellement lanc\u00e9 le Festival MAI\u2019tallurgie 2022&nbsp;!<\/strong><\/p>\n\n\n\n<p>Une inauguration qui se fera dans un des hauts lieux culturels de Charleroi <strong>\u00ab&nbsp;LE ROCKERILL&nbsp;\u00bb <\/strong>avec au programme de nombreuses activit\u00e9s&nbsp;: Discours officiels, 3 expositions et un spectacle participatif&nbsp;: <strong>ADAGIO PER UN NUOVO MILLENNIO<\/strong> mettant en sc\u00e8ne des <strong>citoyens <\/strong>et des professionnels de <a rel=\"noreferrer noopener\" href=\"https:\/\/www.charleroi-danse.be\/\" target=\"_blank\"><strong>Charleroi danse<\/strong><\/a><strong>.&nbsp;<\/strong><\/p>\n\n\n\n<p><strong>Une soir\u00e9e qui invitera aussi \u00e0 la d\u00e9couverte de 3 expositions&nbsp;:<\/strong><\/p>\n\n\n\n<ol class=\"wp-block-list\" type=\"1\"><li><strong>\u00ab\u00a0Les T\u00eates de l\u2019Art\u00a0\u00bb\u00a0!\u00a0 <\/strong>Le collectif\u00a0 compos\u00e9 d\u2019une vingtaine d\u2019artistes carolos exposera ses \u0153uvres\u00a0;<\/li><li><strong>Iyad Sabbah Ramadan<\/strong>, artiste palestinien, invit\u00e9 d\u2019honneur<\/li><li>Exposition des r\u00e9alisations artistiques des stagiaires d\u2019<strong>AVANTI<\/strong>\u00a0<strong>:<\/strong>\u00a0\u00ab\u00a0Mai&rsquo;demain ?\u00a0\u00bb (Forge, bois, Graff)<\/li><\/ol>\n\n\n\n<p><\/p>\n\n\n\n<figure class=\"wp-block-embed is-type-video is-provider-youtube wp-block-embed-youtube wp-embed-aspect-16-9 wp-has-aspect-ratio\"><div class=\"wp-block-embed__wrapper\">\n<iframe loading=\"lazy\"  id=\"_ytid_69260\"  width=\"840\" height=\"472\"  data-origwidth=\"840\" data-origheight=\"472\" src=\"https:\/\/www.youtube.com\/embed\/acPgbjhRKd4?enablejsapi=1&#038;autoplay=0&#038;cc_load_policy=0&#038;cc_lang_pref=&#038;iv_load_policy=1&#038;loop=0&#038;modestbranding=0&#038;rel=1&#038;fs=1&#038;playsinline=0&#038;autohide=2&#038;theme=dark&#038;color=red&#038;controls=1&#038;\" class=\"__youtube_prefs__  epyt-is-override  no-lazyload\" title=\"YouTube player\"  allow=\"accelerometer; autoplay; clipboard-write; encrypted-media; gyroscope; picture-in-picture\" allowfullscreen data-no-lazy=\"1\" data-skipgform_ajax_framebjll=\"\"><\/iframe>\n<\/div><\/figure>\n\n\n\n<p><strong>INFOS PRATIQUES :<\/strong><\/p>\n\n\n\n<p><strong>Au programme&nbsp;:<\/strong><\/p>\n\n\n\n<ul class=\"wp-block-list\"><li><strong>18h30<\/strong>&nbsp;: ouverture des portes&nbsp; avec la fanfare &nbsp;\u00ab&nbsp;La Note G&nbsp;\u00bb<\/li><li><strong>19h<\/strong> : Discours<\/li><li><strong>19h30&nbsp;:<\/strong> Spectacle&nbsp;Adagio avec Charleroi-Danses et les Citoyens Marchiennois<\/li><li><strong>20h <\/strong>: Drink et zakouskis fa\u00e7on Avanti<\/li><li><strong>21h<\/strong> : Acc\u00e8s au concert payant de Rockerill<\/li><\/ul>\n\n\n\n<p><strong>O\u00f9 ?<\/strong><\/p>\n\n\n\n<p><strong>Le ROCKERILL<\/strong><br>Rue de la providence 136<br>6030 Marchienne-au-pont<\/p>\n\n\n\n<p><strong>Quand ?<\/strong><\/p>\n\n\n\n<p>Le vendredi 6 mai 2022<\/p>\n\n\n\n<p><strong>Personne de contact&nbsp;:<\/strong> &nbsp;<\/p>\n\n\n\n<p><strong>MAI\u2019tallurgie<\/strong> &#8211; Anne Marie Faticati &#8211; 0472\/12.20.38 &#8211; <a href=\"mailto:maitallurgie@hotmail.be\">maitallurgie@hotmail.be<\/a><\/p>\n\n\n\n<p><strong>Expo Avanti<\/strong> &#8211; <em>Micha\u00ebl DUMONT<\/em> &#8211; 0476\/46.84.77 &#8211; <a href=\"mailto:mikaeldumont@msn.com\">mikaeldumont@msn.com<\/a><\/p>\n\n\n\n<p><strong>Charleroi Danses<\/strong> &#8211; <em>Celia Diaz y Andres<\/em> &#8211; Relations avec les Publics \u2013 071\/23.01.32 \u2013 <a href=\"mailto:celia.diaz@charleroidanse.be\">celia.diaz@charleroidanse.be<\/a><\/p>\n\n\n\n<p><strong>Exposition <\/strong>&#8211; <em>Iyad SABBAH<\/em>&nbsp;&#8211; 0492\/85.08.53 \u2013 <a href=\"mailto:sabbahiyadp@hotmail.com\">sabbahiyadp@hotmail.com<\/a><\/p>\n\n\n\n<p><strong>Rockerill<\/strong> &#8211; <em>Mika SACCHI<\/em> &#8211; 0475\/98.57.05 &#8211; <a href=\"mailto:udini022@gmail.com\">udini022@gmail.com<\/a><\/p>\n\n\n\n<hr class=\"wp-block-separator has-css-opacity\"\/>\n\n\n\n<p><a id=\"_msocom_1\"><\/a><\/p>\n","protected":false},"excerpt":{"rendered":"<p>C&rsquo;est ce 6 mai 2022 \u00e0 18h30&nbsp;que sera officiellement lanc\u00e9 le Festival MAI\u2019tallurgie 2022&nbsp;! Une inauguration qui se fera dans un des hauts lieux culturels de Charleroi \u00ab&nbsp;LE ROCKERILL&nbsp;\u00bb avec &hellip; <\/p>\n","protected":false},"author":2,"featured_media":489,"comment_status":"closed","ping_status":"closed","sticky":false,"template":"","format":"standard","meta":{"footnotes":""},"categories":[9,10],"tags":[],"class_list":["post-487","post","type-post","status-publish","format-standard","has-post-thumbnail","hentry","category-presse","category-programme"],"_links":{"self":[{"href":"http:\/\/maitallurgie.be\/2022\/wp-json\/wp\/v2\/posts\/487","targetHints":{"allow":["GET"]}}],"collection":[{"href":"http:\/\/maitallurgie.be\/2022\/wp-json\/wp\/v2\/posts"}],"about":[{"href":"http:\/\/maitallurgie.be\/2022\/wp-json\/wp\/v2\/types\/post"}],"author":[{"embeddable":true,"href":"http:\/\/maitallurgie.be\/2022\/wp-json\/wp\/v2\/users\/2"}],"replies":[{"embeddable":true,"href":"http:\/\/maitallurgie.be\/2022\/wp-json\/wp\/v2\/comments?post=487"}],"version-history":[{"count":3,"href":"http:\/\/maitallurgie.be\/2022\/wp-json\/wp\/v2\/posts\/487\/revisions"}],"predecessor-version":[{"id":597,"href":"http:\/\/maitallurgie.be\/2022\/wp-json\/wp\/v2\/posts\/487\/revisions\/597"}],"wp:featuredmedia":[{"embeddable":true,"href":"http:\/\/maitallurgie.be\/2022\/wp-json\/wp\/v2\/media\/489"}],"wp:attachment":[{"href":"http:\/\/maitallurgie.be\/2022\/wp-json\/wp\/v2\/media?parent=487"}],"wp:term":[{"taxonomy":"category","embeddable":true,"href":"http:\/\/maitallurgie.be\/2022\/wp-json\/wp\/v2\/categories?post=487"},{"taxonomy":"post_tag","embeddable":true,"href":"http:\/\/maitallurgie.be\/2022\/wp-json\/wp\/v2\/tags?post=487"}],"curies":[{"name":"wp","href":"https:\/\/api.w.org\/{rel}","templated":true}]}}