{"id":453,"date":"2022-05-03T16:26:52","date_gmt":"2022-05-03T14:26:52","guid":{"rendered":"http:\/\/maitallurgie.be\/2022\/?p=453"},"modified":"2022-05-20T21:08:29","modified_gmt":"2022-05-20T19:08:29","slug":"mai-lfiesse","status":"publish","type":"post","link":"http:\/\/maitallurgie.be\/2022\/mai-lfiesse\/","title":{"rendered":"MAI L&rsquo;FIESSE"},"content":{"rendered":"\n<p>C\u2019est le samedi 21 mai 2022, par une grande journ\u00e9e de cl\u00f4ture, que se refermera cette 7<sup>\u00e8me<\/sup> \u00e9dition du Festival MAI\u2019tallurgie&nbsp;! Le centre n\u00e9vralgique de cette journ\u00e9e d\u2019apoth\u00e9ose se situera sur le site des Zabattoirs.<\/p>\n\n\n\n<p><strong>&nbsp;Au programme&nbsp;:<\/strong><\/p>\n\n\n\n<p>&#8211;<strong> 9h&nbsp;: Site des Zabattoirs \u2013 <\/strong>MAI \u2018tes godasses &#8211; D\u00e9part du tour exploratoire sur l\u2019histoire de Marchienne et inauguration des panneaux sur les divers sites avec la balade gourmande.<strong><\/strong><\/p>\n\n\n\n<p>&#8211; <strong>10h\u00a0:<\/strong> <strong>Ouverture\u00a0<\/strong>: Animations, ateliers bois et m\u00e9tal par AVANTI<\/p>\n\n\n\n<p><strong>&#8211; 11h\u00a0:<\/strong> <strong>Spectacle<\/strong> \u00ab\u00a0<em>Coffre aux mai&rsquo;rveilles<\/em>\u00a0\u00bb de l\u2019Espace Citoyen Porte Ouest en partenariat avec l\u2019Asbl Article 27\u00a0<\/p>\n\n\n\n<p>&#8211; <strong>A partir de 12H30<\/strong>&nbsp;: <strong>BBQ<\/strong><\/p>\n\n\n\n<p>&#8211; <strong>Toute la journ\u00e9e<\/strong>&nbsp;: Portes ouvertes du site :<\/p>\n\n\n\n<ul class=\"wp-block-list\"><li>Jeux en bois<\/li><li>Dans le jardin partag\u00e9 &#8211; Slow Move avec le Chor\u00e9graphe de Charleroi danses<\/li><li>Ouverture du magasin Coop\u00e9co, petit march\u00e9 artisanal et Informations<\/li><li>Atelier pochoirs street Art avec Indigen Asbl<\/li><li>Expositions MAI\u2019Demain des Ateliers bois, m\u00e9tal, arts plastiques, graff d\u2019Avanti<\/li><li>Guinguette \/ Bar terrasse\/BBQ<\/li><\/ul>\n\n\n\n<p><strong>Apr\u00e8s-midi et <\/strong><strong>soir\u00e9e festives :<\/strong><\/p>\n\n\n\n<ul class=\"wp-block-list\"><li><strong>14h &#8211; 15h<\/strong>\u00a0: Fanfare \u00ab\u00a0La note G\u00a0\u00bb<\/li><li><strong>15h30 &#8211; 16h15<\/strong>\u00a0: Accord\u00e9ons-nous &#8211; de la chanson fran\u00e7aise au folklore<\/li><li><strong>16h30 &#8211; 17h15<\/strong> : Phoenix &#8211;\u00a0 groupe de musique \u00ab\u00a0classic Jazz\u00a0\u00bb dans lequel sont reprise des standards\u00a0de Jazz connus.<\/li><li><strong>17h30 \u2013 18h00<\/strong>\u00a0: Slow Move avec le Chor\u00e9graphe de Charleroi Danses Mauro Paccagnella<\/li><li><strong>18h15 \u2013 19h00<\/strong>\u00a0: Bozo et Ludo \u2013 clavier-voix. Du grand jojo \u00e0 Ella Fitzgerald, nous vous\u00a0ferons passer par toutes les \u00e9motions mais surtout bonheur et joie dans les c\u0153urs&#8230;.<\/li><li><strong>20h30 \u2013 22h00\u00a0:<\/strong> Le groupe<a href=\"https:\/\/www.youtube.com\/channel\/UCyar2f5eIg0TIDYFaJzsIyg\" data-type=\"URL\" data-id=\"https:\/\/www.youtube.com\/channel\/UCyar2f5eIg0TIDYFaJzsIyg\"> Kermesse \u00e0 l\u2019Est <\/a>&#8211;<strong> <\/strong>Les punks \u00e0 KramoZaure<strong> &#8211;<\/strong> Concert auto-amplifi\u00e9 &#8211; Saurien \u00e0 roulettes, m\u00e9zozo\u00efque et cr\u00e9tino\u00efde, dot\u00e9 d\u2019une amplification sans-fil du quaternaire crachant du gros son.<\/li><\/ul>\n\n\n\n<figure class=\"wp-block-embed is-type-video is-provider-youtube wp-block-embed-youtube wp-embed-aspect-16-9 wp-has-aspect-ratio\"><div class=\"wp-block-embed__wrapper\">\n<iframe loading=\"lazy\"  id=\"_ytid_23299\"  width=\"840\" height=\"472\"  data-origwidth=\"840\" data-origheight=\"472\" src=\"https:\/\/www.youtube.com\/embed\/vKggccbPEOA?enablejsapi=1&#038;autoplay=0&#038;cc_load_policy=0&#038;cc_lang_pref=&#038;iv_load_policy=1&#038;loop=0&#038;modestbranding=0&#038;rel=1&#038;fs=1&#038;playsinline=0&#038;autohide=2&#038;theme=dark&#038;color=red&#038;controls=1&#038;\" class=\"__youtube_prefs__  epyt-is-override  no-lazyload\" title=\"YouTube player\"  allow=\"accelerometer; autoplay; clipboard-write; encrypted-media; gyroscope; picture-in-picture\" allowfullscreen data-no-lazy=\"1\" data-skipgform_ajax_framebjll=\"\"><\/iframe>\n<\/div><\/figure>\n\n\n\n<p><strong>O\u00f9&nbsp;?<\/strong><\/p>\n\n\n\n<p><strong>Les Zabattoirs<\/strong><\/p>\n\n\n\n<p>Rue de l\u2019Abattoir 12<br>6030 Marchienne-au-pont<\/p>\n\n\n\n<p><\/p>\n\n\n\n<p><strong>Quand&nbsp;?<\/strong><\/p>\n\n\n\n<p>Le samedi 21 mai 2022&nbsp;\u00e0 partir de 9h<\/p>\n\n\n\n<p><\/p>\n\n\n\n<p><strong>Personnes de contact&nbsp;:<\/strong><\/p>\n\n\n\n<p><strong>Les Zabattoirs\/Avanti<\/strong> &#8211; <em>Isabelle Heine<\/em> &#8211; 0476\/66.99.24 &#8211; <a href=\"mailto:isabelle.heine@avanti-asbl.be\">isabelle.heine@avanti-asbl.be<\/a><\/p>\n\n\n\n<p><strong>Coop\u00e9co<\/strong>&nbsp;&#8211; <em>Jean Charles<\/em> &#8211; coop\u00e9rateur &#8211; 0475\/59.65.80 &#8211; <a href=\"mailto:secretariat.coopeco@gmail.com\">secretariat.coopeco@gmail.com<\/a><\/p>\n\n\n\n<p><strong>Charleroi Danses<\/strong> &#8211; <em>Celia Diaz y Andres<\/em> &#8211; Relations avec les Publics \u2013 071\/23.01.32 \u2013 <a href=\"mailto:celia.diaz@charleroidanse.be\">celia.diaz@charleroidanse.be<\/a><\/p>\n\n\n\n<p><strong>Espace Citoyen Porte Ouest<\/strong> &#8211; <em>Fabrice De Santis<\/em> &#8211; Coordinateur de l\u2019Ecole de devoirs \u2013 071\/50.04.23 &#8211; <a href=\"mailto:fabrice.desantis@cpascharleroi.be\">fabrice.desantis@cpascharleroi.be<\/a><\/p>\n\n\n\n<p><strong>Article 27 Charleroi<\/strong> &#8211; <em>Anne Pilette<\/em> &#8211; M\u00e9diatrice socio-culturelle &#8211; 0484\/91.66.17 ou 071\/20.29.94<\/p>\n\n\n\n<p><strong>MAI\u2019tallurgie<\/strong> \u2013 <em>Anne Marie Faticati<\/em> &#8211; 0472\/12.20.38 &#8211; <a href=\"mailto:maitallurgie@hotmail.be\">maitallurgie@hotmail.be<\/a><\/p>\n\n\n\n<hr class=\"wp-block-separator\"\/>\n\n\n\n<p><a id=\"_msocom_1\"><\/a><\/p>\n","protected":false},"excerpt":{"rendered":"<p>C\u2019est le samedi 21 mai 2022, par une grande journ\u00e9e de cl\u00f4ture, que se refermera cette 7\u00e8me \u00e9dition du Festival MAI\u2019tallurgie&nbsp;! Le centre n\u00e9vralgique de cette journ\u00e9e d\u2019apoth\u00e9ose se situera &hellip; <\/p>\n","protected":false},"author":2,"featured_media":455,"comment_status":"closed","ping_status":"closed","sticky":false,"template":"","format":"standard","meta":{"footnotes":""},"categories":[8,10],"tags":[],"class_list":["post-453","post","type-post","status-publish","format-standard","has-post-thumbnail","hentry","category-pendant","category-programme"],"_links":{"self":[{"href":"http:\/\/maitallurgie.be\/2022\/wp-json\/wp\/v2\/posts\/453","targetHints":{"allow":["GET"]}}],"collection":[{"href":"http:\/\/maitallurgie.be\/2022\/wp-json\/wp\/v2\/posts"}],"about":[{"href":"http:\/\/maitallurgie.be\/2022\/wp-json\/wp\/v2\/types\/post"}],"author":[{"embeddable":true,"href":"http:\/\/maitallurgie.be\/2022\/wp-json\/wp\/v2\/users\/2"}],"replies":[{"embeddable":true,"href":"http:\/\/maitallurgie.be\/2022\/wp-json\/wp\/v2\/comments?post=453"}],"version-history":[{"count":4,"href":"http:\/\/maitallurgie.be\/2022\/wp-json\/wp\/v2\/posts\/453\/revisions"}],"predecessor-version":[{"id":563,"href":"http:\/\/maitallurgie.be\/2022\/wp-json\/wp\/v2\/posts\/453\/revisions\/563"}],"wp:featuredmedia":[{"embeddable":true,"href":"http:\/\/maitallurgie.be\/2022\/wp-json\/wp\/v2\/media\/455"}],"wp:attachment":[{"href":"http:\/\/maitallurgie.be\/2022\/wp-json\/wp\/v2\/media?parent=453"}],"wp:term":[{"taxonomy":"category","embeddable":true,"href":"http:\/\/maitallurgie.be\/2022\/wp-json\/wp\/v2\/categories?post=453"},{"taxonomy":"post_tag","embeddable":true,"href":"http:\/\/maitallurgie.be\/2022\/wp-json\/wp\/v2\/tags?post=453"}],"curies":[{"name":"wp","href":"https:\/\/api.w.org\/{rel}","templated":true}]}}