{"id":327,"date":"2022-04-28T10:51:00","date_gmt":"2022-04-28T08:51:00","guid":{"rendered":"http:\/\/maitallurgie.be\/2022\/?p=327"},"modified":"2022-04-28T10:51:01","modified_gmt":"2022-04-28T08:51:01","slug":"expositions-photos-marchienne-passe-present-futur","status":"publish","type":"post","link":"http:\/\/maitallurgie.be\/2022\/expositions-photos-marchienne-passe-present-futur\/","title":{"rendered":"Expositions photos \u00ab\u00a0Marchienne pass\u00e9, pr\u00e9sent, futur ?\u00a0\u00bb"},"content":{"rendered":"\n<p>Depuis la fin du 1er confinement, le Gsara et l\u2019Espace citoyen Porte Ouest via son service d\u2019insertion sociale et Culture Quartier,  sont partis \u00e0 la rencontre des Marchiennois afin de r\u00e9colter des t\u00e9moignages sur l\u2019\u00e9volution de leur quartier. Ils ont \u00e9galement pris \u00e9norm\u00e9ment de photos en se baladant dans les rue de la localit\u00e9. Une localit\u00e9 qu&rsquo;ils voient changer, beaucoup changer. En jetant un coup d\u2019\u0153il dans le r\u00e9troviseur, c&rsquo;est encore plus marquant &#8230;.  <\/p>\n\n\n\n<figure class=\"wp-block-image size-large is-resized is-style-default\"><img loading=\"lazy\" decoding=\"async\" src=\"http:\/\/maitallurgie.be\/2022\/wp-content\/uploads\/2022\/04\/193722051_825167431438241_8051497878975462684_n_mai-768x1024.jpg\" alt=\"\" class=\"wp-image-330\" width=\"362\" height=\"482\" srcset=\"http:\/\/maitallurgie.be\/2022\/wp-content\/uploads\/2022\/04\/193722051_825167431438241_8051497878975462684_n_mai-768x1024.jpg 768w, http:\/\/maitallurgie.be\/2022\/wp-content\/uploads\/2022\/04\/193722051_825167431438241_8051497878975462684_n_mai-225x300.jpg 225w, http:\/\/maitallurgie.be\/2022\/wp-content\/uploads\/2022\/04\/193722051_825167431438241_8051497878975462684_n_mai-45x60.jpg 45w, http:\/\/maitallurgie.be\/2022\/wp-content\/uploads\/2022\/04\/193722051_825167431438241_8051497878975462684_n_mai.jpg 907w\" sizes=\"auto, (max-width: 362px) 100vw, 362px\" \/><figcaption>A la gare avec notre r\u00e9troviseur&#8230;. Juin 2021<\/figcaption><\/figure>\n\n\n\n<div class=\"wp-block-group\"><div class=\"wp-block-group__inner-container is-layout-flow wp-block-group-is-layout-flow\">\n<p>L&rsquo;atelier multim\u00e9dias de l&rsquo;ECPO anim\u00e9 aussi par le Gsara a compos\u00e9 des images m\u00ealant anciennes cartes postales embl\u00e9matiques de Marchienne et clich\u00e9s refaits aujourd&rsquo;hui (c&rsquo;est ce que vous apercevez sur l&rsquo;affiche)<\/p>\n\n\n\n<p><\/p>\n\n\n\n<figure class=\"wp-block-image size-large\"><img loading=\"lazy\" decoding=\"async\" width=\"1024\" height=\"576\" src=\"http:\/\/maitallurgie.be\/2022\/wp-content\/uploads\/2022\/04\/20220426_110512-1024x576.jpg\" alt=\"\" class=\"wp-image-332\" srcset=\"http:\/\/maitallurgie.be\/2022\/wp-content\/uploads\/2022\/04\/20220426_110512-1024x576.jpg 1024w, http:\/\/maitallurgie.be\/2022\/wp-content\/uploads\/2022\/04\/20220426_110512-300x169.jpg 300w, http:\/\/maitallurgie.be\/2022\/wp-content\/uploads\/2022\/04\/20220426_110512-768x432.jpg 768w, http:\/\/maitallurgie.be\/2022\/wp-content\/uploads\/2022\/04\/20220426_110512-1536x864.jpg 1536w, http:\/\/maitallurgie.be\/2022\/wp-content\/uploads\/2022\/04\/20220426_110512-2048x1152.jpg 2048w, http:\/\/maitallurgie.be\/2022\/wp-content\/uploads\/2022\/04\/20220426_110512-107x60.jpg 107w, http:\/\/maitallurgie.be\/2022\/wp-content\/uploads\/2022\/04\/20220426_110512-840x473.jpg 840w\" sizes=\"auto, (max-width: 1024px) 100vw, 1024px\" \/><figcaption>mise sous cadres &#8211; avril 2022<\/figcaption><\/figure>\n<\/div><\/div>\n\n\n\n<p>L&rsquo;ECPO produit encore un documentaire qui se veut saisir l&rsquo;opinion de Marchiennois sur leur milieu de vie juste avant les grandes transformations que va induire le Master-Plan que d\u00e9ploie la ville de Charleroi. Un pr\u00e9-montage de ces interviews sera \u00e0 voir.<\/p>\n\n\n\n<p><br>Le groupe Upcycling exposera des cr\u00e9ations artistiques r\u00e9alis\u00e9es \u00e0 partir de mat\u00e9riaux de r\u00e9cup\u00e9ration.<\/p>\n\n\n\n<p>Beaucoup de choses \u00e0 voir donc ce vendredi 13 mai \u00e0 l&rsquo;ECPO d\u00e8s 18h!<\/p>\n\n\n\n<p class=\"has-small-font-size\">A noter que vous pouvez retrouver une partie des clich\u00e9s pris au printemps dernier <a href=\"https:\/\/www.google.com\/maps\/contrib\/100604746149395761701\/photos\/@50.4147597,4.3971189,15z\/data=!3m1!4b1!4m3!8m2!3m1!1e1\">sur Google maps <\/a>(130.000 vues en 8 mois, c&rsquo;est bien)<\/p>\n","protected":false},"excerpt":{"rendered":"<p>Depuis la fin du 1er confinement, le Gsara et l\u2019Espace citoyen Porte Ouest via son service d\u2019insertion sociale et Culture Quartier, sont partis \u00e0 la rencontre des Marchiennois afin de &hellip; <\/p>\n","protected":false},"author":1,"featured_media":333,"comment_status":"closed","ping_status":"closed","sticky":false,"template":"","format":"standard","meta":{"footnotes":""},"categories":[5,7,10],"tags":[29,30,31],"class_list":["post-327","post","type-post","status-publish","format-standard","has-post-thumbnail","hentry","category-ateliers","category-avant","category-programme","tag-expo","tag-photo","tag-video"],"_links":{"self":[{"href":"http:\/\/maitallurgie.be\/2022\/wp-json\/wp\/v2\/posts\/327","targetHints":{"allow":["GET"]}}],"collection":[{"href":"http:\/\/maitallurgie.be\/2022\/wp-json\/wp\/v2\/posts"}],"about":[{"href":"http:\/\/maitallurgie.be\/2022\/wp-json\/wp\/v2\/types\/post"}],"author":[{"embeddable":true,"href":"http:\/\/maitallurgie.be\/2022\/wp-json\/wp\/v2\/users\/1"}],"replies":[{"embeddable":true,"href":"http:\/\/maitallurgie.be\/2022\/wp-json\/wp\/v2\/comments?post=327"}],"version-history":[{"count":1,"href":"http:\/\/maitallurgie.be\/2022\/wp-json\/wp\/v2\/posts\/327\/revisions"}],"predecessor-version":[{"id":334,"href":"http:\/\/maitallurgie.be\/2022\/wp-json\/wp\/v2\/posts\/327\/revisions\/334"}],"wp:featuredmedia":[{"embeddable":true,"href":"http:\/\/maitallurgie.be\/2022\/wp-json\/wp\/v2\/media\/333"}],"wp:attachment":[{"href":"http:\/\/maitallurgie.be\/2022\/wp-json\/wp\/v2\/media?parent=327"}],"wp:term":[{"taxonomy":"category","embeddable":true,"href":"http:\/\/maitallurgie.be\/2022\/wp-json\/wp\/v2\/categories?post=327"},{"taxonomy":"post_tag","embeddable":true,"href":"http:\/\/maitallurgie.be\/2022\/wp-json\/wp\/v2\/tags?post=327"}],"curies":[{"name":"wp","href":"https:\/\/api.w.org\/{rel}","templated":true}]}}