{"id":265,"date":"2022-04-21T09:20:22","date_gmt":"2022-04-21T07:20:22","guid":{"rendered":"http:\/\/maitallurgie.be\/2022\/?p=265"},"modified":"2022-05-05T09:43:18","modified_gmt":"2022-05-05T07:43:18","slug":"demandez-le-programme","status":"publish","type":"post","link":"http:\/\/maitallurgie.be\/2022\/demandez-le-programme\/","title":{"rendered":"Demandez le programme !"},"content":{"rendered":"\n<figure class=\"wp-block-gallery has-nested-images columns-default is-cropped wp-block-gallery-1 is-layout-flex wp-block-gallery-is-layout-flex\">\n<figure class=\"wp-block-image size-full\"><img loading=\"lazy\" decoding=\"async\" width=\"2560\" height=\"731\" data-id=\"347\" src=\"http:\/\/maitallurgie.be\/2022\/wp-content\/uploads\/2022\/04\/Maitallutgie20222-1-1-scaled.jpg\" alt=\"\" class=\"wp-image-347\" srcset=\"http:\/\/maitallurgie.be\/2022\/wp-content\/uploads\/2022\/04\/Maitallutgie20222-1-1-scaled.jpg 2560w, http:\/\/maitallurgie.be\/2022\/wp-content\/uploads\/2022\/04\/Maitallutgie20222-1-1-300x86.jpg 300w, http:\/\/maitallurgie.be\/2022\/wp-content\/uploads\/2022\/04\/Maitallutgie20222-1-1-1024x292.jpg 1024w, http:\/\/maitallurgie.be\/2022\/wp-content\/uploads\/2022\/04\/Maitallutgie20222-1-1-768x219.jpg 768w, http:\/\/maitallurgie.be\/2022\/wp-content\/uploads\/2022\/04\/Maitallutgie20222-1-1-1536x439.jpg 1536w, http:\/\/maitallurgie.be\/2022\/wp-content\/uploads\/2022\/04\/Maitallutgie20222-1-1-2048x585.jpg 2048w, http:\/\/maitallurgie.be\/2022\/wp-content\/uploads\/2022\/04\/Maitallutgie20222-1-1-210x60.jpg 210w\" sizes=\"auto, (max-width: 2560px) 100vw, 2560px\" \/><\/figure>\n<figcaption class=\"blocks-gallery-caption\">programme.jpgs<\/figcaption><\/figure>\n\n\n\n<figure class=\"wp-block-image size-full\"><img loading=\"lazy\" decoding=\"async\" width=\"2560\" height=\"731\" src=\"http:\/\/maitallurgie.be\/2022\/wp-content\/uploads\/2022\/04\/Maitallutgie2022-2-1-scaled.jpg\" alt=\"\" class=\"wp-image-348\" srcset=\"http:\/\/maitallurgie.be\/2022\/wp-content\/uploads\/2022\/04\/Maitallutgie2022-2-1-scaled.jpg 2560w, http:\/\/maitallurgie.be\/2022\/wp-content\/uploads\/2022\/04\/Maitallutgie2022-2-1-300x86.jpg 300w, http:\/\/maitallurgie.be\/2022\/wp-content\/uploads\/2022\/04\/Maitallutgie2022-2-1-1024x292.jpg 1024w, http:\/\/maitallurgie.be\/2022\/wp-content\/uploads\/2022\/04\/Maitallutgie2022-2-1-768x219.jpg 768w, http:\/\/maitallurgie.be\/2022\/wp-content\/uploads\/2022\/04\/Maitallutgie2022-2-1-1536x439.jpg 1536w, http:\/\/maitallurgie.be\/2022\/wp-content\/uploads\/2022\/04\/Maitallutgie2022-2-1-2048x585.jpg 2048w, http:\/\/maitallurgie.be\/2022\/wp-content\/uploads\/2022\/04\/Maitallutgie2022-2-1-210x60.jpg 210w\" sizes=\"auto, (max-width: 2560px) 100vw, 2560px\" \/><\/figure>\n\n\n\n<p><strong>Programme 2022<\/strong><\/p>\n\n\n\n<p><strong><mark style=\"background-color:rgba(0, 0, 0, 0)\" class=\"has-inline-color has-luminous-vivid-orange-color\">Vendredi 6 Mai<\/mark><\/strong><\/p>\n\n\n\n<p><strong>ROCKERILL<\/strong><\/p>\n\n\n\n<ul class=\"wp-block-list\"><li><strong>18 H00 &#8211; Animation fanfare<\/strong> &#8211; Devant rockerill\/ Parking &#8211; ouverture officielle <strong>(<\/strong>discours) \u2013 visite de l\u2019expo<\/li><\/ul>\n\n\n\n<p>&#8211; <strong>19H30<\/strong>\u2013 <strong>Spectacle<\/strong><strong>ADAGIO<\/strong> Charleroi Danse et citoyens dansants<\/p>\n\n\n\n<p>&#8211; <strong>De 18H30 \u00e0 21H00 \u2013 <\/strong>BAR<\/p>\n\n\n\n<p><strong><mark style=\"background-color:rgba(0, 0, 0, 0)\" class=\"has-inline-color has-luminous-vivid-orange-color\">Mardi 10 Mai<\/mark><\/strong><\/p>\n\n\n\n<p><strong>MAISON POUR ASSOCIATIONS<\/strong><\/p>\n\n\n\n<p>&#8211; <strong>17H00 \u2013 Mai carrefours de Projets<\/strong> ! Espace environnement d\u00e9part d\u2019une visite de 3 lieux qui seront sujet \u00e0 transformation par le master plan<\/p>\n\n\n\n<p>&#8211;<strong> 18H00<\/strong> \u2013 Ateliers de discussion et d\u2019\u00e9change avec les Responsables du master plan ville \u2013 Speed dating<\/p>\n\n\n\n<p><strong><mark style=\"background-color:rgba(0, 0, 0, 0)\" class=\"has-inline-color has-luminous-vivid-orange-color\">Vendredi 13 Mai<\/mark><\/strong><\/p>\n\n\n\n<p><strong>MAISON POUR ASSOCIATIONS<\/strong><\/p>\n\n\n\n<p><strong>&#8211; 10H00 \u2013Spectacle SAM \u2013 <\/strong>Migrantsapprentissage du fran\u00e7ais<strong> &#8211; <\/strong>(mobilisation Mirec \u2013 Ecpo- Promotion Api &#8230;)<\/p>\n\n\n\n<p><strong>ESPACE CITOYEN PORTE OUEST<\/strong><\/p>\n\n\n\n<p><strong>&#8211; <\/strong><strong>18H00<\/strong> <strong>\u2013<\/strong> Vernissage des expos et projets de l\u2019ECPO + petit lunch<\/p>\n\n\n\n<p><strong><mark style=\"background-color:rgba(0, 0, 0, 0)\" class=\"has-inline-color has-luminous-vivid-orange-color\">Vendredi 13 \u2013 Samedi 14 \u2013 Dimanche 15 Mai<\/mark><\/strong><\/p>\n\n\n\n<p><strong>STATION DE METRO (Moulin-De Cartier-Providence) Partenariat avec le TEC<\/strong><\/p>\n\n\n\n<p><strong>&#8211;<\/strong><strong>A<\/strong><strong>9H00<\/strong><strong>et<\/strong><strong>13H00<\/strong><strong>\u2013<\/strong><strong> Hors des Rails &#8211; <\/strong><strong>D\u00e9part<\/strong> <strong>de la MPA <\/strong>\u2013 visite Expos \u00e9ph\u00e9m\u00e8res + Tour cont\u00e9 et chant\u00e9 \u00abHors des Rails \u00bb \u2013dans les stations et voyage en m\u00e9tro<\/p>\n\n\n\n<p><strong><mark style=\"background-color:rgba(0, 0, 0, 0)\" class=\"has-inline-color has-luminous-vivid-orange-color\">Dimanche 15 Mai<\/mark><\/strong><\/p>\n\n\n\n<p><strong>MAISON POUR ASSOCIATIONS<\/strong><\/p>\n\n\n\n<p><strong>&#8211; 15H00 \u2013 Jeu&nbsp;: Vivre en Palestine<\/strong><\/p>\n\n\n\n<p><a><\/a> <strong>&#8211; <\/strong><strong>19H00<\/strong><strong>\u2013<\/strong><strong>Spectacle<\/strong><strong> ASIMO &#8211; <\/strong><strong>de<\/strong><strong>l\u2019Ecole<\/strong><strong>du<\/strong><strong>cirque<\/strong><strong>de<\/strong><strong>Ramallah\/Palestine +<\/strong><strong>EXPO<\/strong><\/p>\n\n\n\n<p><strong><mark style=\"background-color:rgba(0, 0, 0, 0)\" class=\"has-inline-color has-luminous-vivid-orange-color\">Lundi 16 Mai<\/mark><\/strong><\/p>\n\n\n\n<p><strong>MAISON POUR ASSOCIATIONS<\/strong><\/p>\n\n\n\n<p><strong>&#8211; <\/strong><strong>A 9H<\/strong> <strong>\u2013<\/strong>Spectacle de l\u2019Ecole du cirque de Ramallah\/Palestine <strong>pour<\/strong><strong>les <\/strong><strong>Ecoles.<\/strong><\/p>\n\n\n\n<p><strong><mark style=\"background-color:rgba(0, 0, 0, 0)\" class=\"has-inline-color has-luminous-vivid-orange-color\">Mercredi 18 Mai<\/mark><\/strong><\/p>\n\n\n\n<p><strong>MAISON POUR ASSOCIATIONS<\/strong><\/p>\n\n\n\n<p><strong>&#8211;<\/strong><strong>A 10H et 19H<\/strong> <strong>&#8211;<\/strong><strong>A<\/strong><strong>la<\/strong><strong>MPA<\/strong><strong>&#8211;<\/strong><strong>Spectacle<\/strong><strong> des El\u00e8ves de l\u2019<\/strong><strong>Ath\u00e9n\u00e9e<\/strong><strong>Royal<\/strong><strong>Y.Vieslet \u2013 \u00ab&nbsp;Plus jamais \u00e7a&nbsp;! Les enfants victimes des guerres&nbsp;\u00bb<\/strong><\/p>\n\n\n\n<p><strong><mark style=\"background-color:rgba(0, 0, 0, 0)\" class=\"has-inline-color has-luminous-vivid-orange-color\">Vendredi 20 Mai<\/mark><\/strong><\/p>\n\n\n\n<p><strong>MAISON POUR ASSOCIATIONS<\/strong><\/p>\n\n\n\n<p><strong>&#8211;<\/strong><strong>A 18H00<\/strong><strong>\u2013 <\/strong>Conf\u00e9rence organis\u00e9e CAL \u2013 Une autre alternative \u00e0 la prison<\/p>\n\n\n\n<p><strong><mark style=\"background-color:rgba(0, 0, 0, 0)\" class=\"has-inline-color has-luminous-vivid-orange-color\">Samedi 21 Mai<\/mark><\/strong><\/p>\n\n\n\n<p><strong>SITE DES ZABATTOIRS<\/strong><\/p>\n\n\n\n<p><strong>9 H \u2013 D\u00e9part de la marche exploratoire et gourmande<\/strong><\/p>\n\n\n\n<ul class=\"wp-block-list\"><li>D\u00e9gustation &#8211; Caf\u00e9 Erveka \u2013 au d\u00e9part site des Z\u2019abattoirs<\/li><li>D\u00e9gustation \u2013 Tartes vertes \u2013 quiches (sur la route \u00e0 pr\u00e9ciser)<\/li><li>D\u00e9gustation \u2013 Claire Lombard &#8211; Pain au levain et tapenades<\/li><li>D\u00e9gustation \u2013 Ethiquable \u2013 Ap\u00e9ro \u2013 jus \u2013 chips (Perron de l\u2019\u00e9glise)<\/li><\/ul>\n\n\n\n<p><strong>11H00 \u2013 <\/strong><strong>Spectacle de l\u2019Ecole des Devoir de l\u2019ECPO (vor fiche A27)<\/strong><\/p>\n\n\n\n<p><strong>12H00 \u2013 <\/strong><strong>Arriv\u00e9e de la marche sur le site des Z\u2019abattoirs<\/strong><\/p>\n\n\n\n<ul class=\"wp-block-list\"><li>Repas \u2013 \u00e0 d\u00e9finir<\/li><\/ul>\n\n\n\n<p>De <strong>12H00<\/strong> <strong>\u00e0 16H00 \u2013 D\u00e9monstration ateliers Avanti + expo + Jeux<\/strong><\/p>\n\n\n\n<p><strong>pour enfants<\/strong><\/p>\n\n\n\n<p><strong>13H30\/14H00 \u2013 Slow move Charleroi Danse \u2013 jardin partag\u00e9<\/strong><\/p>\n\n\n\n<p><strong>14H00\/15H00 \u2013 Animation Fanfare \u00ab&nbsp;la Note G&nbsp;\u00bb<\/strong><\/p>\n\n\n\n<p><strong>15H30\/16H15 \u2013 Animation Accord\u00e9on<\/strong><\/p>\n\n\n\n<p><strong>16H30\/17H15 \u2013 Concert Groupe Bernard<\/strong><\/p>\n\n\n\n<p><strong>17H30\/18H00 &#8211; Accord\u00e9on<\/strong><\/p>\n\n\n\n<p><strong>18H15 \/19h00 &#8211; Concert de Bozo et Ludo<\/strong><\/p>\n\n\n\n<p>synth\u00e9-voix. Du grand jojo \u00e0 Ella Fitzgerald, nous vous ferons passer par toutes les \u00e9motions mais surtout bonheur et joie dans les c\u0153urs&#8230;.<\/p>\n\n\n\n<p><strong>20H30\/22H00 &#8211; Concert Kermesse \u00e0 l&rsquo;Est<\/strong><\/p>\n\n\n\n<p><strong>Les punks \u00e0 KramoZaure &#8211;<\/strong> Concert auto-amplifi\u00e9<\/p>\n\n\n\n<p>Saurien \u00e0 roulettes, m\u00e9zozo\u00efque et cr\u00e9tino\u00efde, dot\u00e9 d\u2019une amplification sans-fil du quaternaire, il permet d\u2019augmenter la jauge jusqu&rsquo;\u00e0 500 personnes en crachant du gros son<\/p>\n\n\n\n<p>Voici via ce lien pour les infos:&nbsp;<\/p>\n\n\n\n<p><a href=\"https:\/\/drive.google.com\/drive\/folders\/1XbjVvygHzNShOhpIEW__ntHqDDuE9Eth?usp=sharing\">https:\/\/drive.google.com\/drive\/folders\/1XbjVvygHzNShOhpIEW__ntHqDDuE9Eth?usp=sharing<\/a><\/p>\n\n\n\n<p><strong>Sur tous les sites, radio MAI\u2019tallurgie en direct&nbsp;!<\/strong><\/p>\n","protected":false},"excerpt":{"rendered":"<p>Programme 2022 Vendredi 6 Mai ROCKERILL 18 H00 &#8211; Animation fanfare &#8211; Devant rockerill\/ Parking &#8211; ouverture officielle (discours) \u2013 visite de l\u2019expo &#8211; 19H30\u2013 SpectacleADAGIO Charleroi Danse et citoyens &hellip; <\/p>\n","protected":false},"author":1,"featured_media":266,"comment_status":"closed","ping_status":"closed","sticky":false,"template":"","format":"standard","meta":{"footnotes":""},"categories":[8,9,10],"tags":[],"class_list":["post-265","post","type-post","status-publish","format-standard","has-post-thumbnail","hentry","category-pendant","category-presse","category-programme"],"_links":{"self":[{"href":"http:\/\/maitallurgie.be\/2022\/wp-json\/wp\/v2\/posts\/265","targetHints":{"allow":["GET"]}}],"collection":[{"href":"http:\/\/maitallurgie.be\/2022\/wp-json\/wp\/v2\/posts"}],"about":[{"href":"http:\/\/maitallurgie.be\/2022\/wp-json\/wp\/v2\/types\/post"}],"author":[{"embeddable":true,"href":"http:\/\/maitallurgie.be\/2022\/wp-json\/wp\/v2\/users\/1"}],"replies":[{"embeddable":true,"href":"http:\/\/maitallurgie.be\/2022\/wp-json\/wp\/v2\/comments?post=265"}],"version-history":[{"count":6,"href":"http:\/\/maitallurgie.be\/2022\/wp-json\/wp\/v2\/posts\/265\/revisions"}],"predecessor-version":[{"id":349,"href":"http:\/\/maitallurgie.be\/2022\/wp-json\/wp\/v2\/posts\/265\/revisions\/349"}],"wp:featuredmedia":[{"embeddable":true,"href":"http:\/\/maitallurgie.be\/2022\/wp-json\/wp\/v2\/media\/266"}],"wp:attachment":[{"href":"http:\/\/maitallurgie.be\/2022\/wp-json\/wp\/v2\/media?parent=265"}],"wp:term":[{"taxonomy":"category","embeddable":true,"href":"http:\/\/maitallurgie.be\/2022\/wp-json\/wp\/v2\/categories?post=265"},{"taxonomy":"post_tag","embeddable":true,"href":"http:\/\/maitallurgie.be\/2022\/wp-json\/wp\/v2\/tags?post=265"}],"curies":[{"name":"wp","href":"https:\/\/api.w.org\/{rel}","templated":true}]}}