{"id":1,"date":"2020-01-10T10:58:22","date_gmt":"2020-01-10T09:58:22","guid":{"rendered":"http:\/\/maitallurgie.be\/2020\/?p=1"},"modified":"2021-06-22T22:47:35","modified_gmt":"2021-06-22T20:47:35","slug":"bonjour-tout-le-monde","status":"publish","type":"post","link":"http:\/\/maitallurgie.be\/2020\/2020\/01\/10\/bonjour-tout-le-monde\/","title":{"rendered":"ANNULATION, MAI en couleurs du 7 au 31 mai 2020"},"content":{"rendered":"\n<figure class=\"wp-block-image\"><img loading=\"lazy\" width=\"1024\" height=\"563\" src=\"http:\/\/maitallurgie.be\/2020\/wp-content\/uploads\/2020\/01\/gif-fade-marchienne-1024x563.gif\" alt=\"\" class=\"wp-image-16\" srcset=\"http:\/\/maitallurgie.be\/2020\/wp-content\/uploads\/2020\/01\/gif-fade-marchienne-1024x563.gif 1024w, http:\/\/maitallurgie.be\/2020\/wp-content\/uploads\/2020\/01\/gif-fade-marchienne-300x165.gif 300w, http:\/\/maitallurgie.be\/2020\/wp-content\/uploads\/2020\/01\/gif-fade-marchienne-768x422.gif 768w, http:\/\/maitallurgie.be\/2020\/wp-content\/uploads\/2020\/01\/gif-fade-marchienne-820x451.gif 820w\" sizes=\"(max-width: 1024px) 100vw, 1024px\" \/><\/figure>\n\n\n\n<p><strong>Cette \u00e9dition du Festival a \u00e9t\u00e9 annul\u00e9e \u00e0 cause de la pand\u00e9mie de Covid-19 et des restrictions sanitaires qui en ont d\u00e9coul\u00e9. Son report en 2021 n&rsquo;a pas p\u00fb se faire non-plus&#8230; prochain RDV en 2022.<\/strong><\/p>\n\n\n\n<p>Les premi\u00e8res r\u00e9unions des partenaires vont bon train!<\/p>\n\n\n\n<p>Les dates, \u00e7a commence \u00e0 \u00eatre clair, la th\u00e9matique veut souligner la \u00ab\u00a0diversit\u00e9\u00a0\u00bb mais \u00e0 l&rsquo;heure d&rsquo;\u00e9crire ces lignes, on a pas encore bien saisi comment \u00e7a s&rsquo;\u00e9crit &#8230; Divers-cit\u00e9(s), dix vers cit\u00e9s, d&rsquo;hiver si th\u00e9, &#8230;. \u00e0 pr\u00e9ciser.<\/p>\n\n\n\n<p>Bient\u00f4t plus d&rsquo;infos.<\/p>\n","protected":false},"excerpt":{"rendered":"<p>Cette \u00e9dition du Festival a \u00e9t\u00e9 annul\u00e9e \u00e0 cause de la pand\u00e9mie de Covid-19 et des restrictions sanitaires qui en ont d\u00e9coul\u00e9. Son report en 2021 n&rsquo;a pas p\u00fb se faire non-plus&#8230; prochain RDV en 2022. Les premi\u00e8res r\u00e9unions des partenaires vont bon train! Les dates, \u00e7a commence \u00e0 \u00eatre clair, la th\u00e9matique veut souligner la \u00ab\u00a0diversit\u00e9\u00a0\u00bb mais \u00e0 l&rsquo;heure d&rsquo;\u00e9crire ces lignes, on a pas encore bien saisi comment \u00e7a s&rsquo;\u00e9crit &#8230; Divers-cit\u00e9(s), dix vers cit\u00e9s, d&rsquo;hiver si th\u00e9, &#8230;. \u00e0 pr\u00e9ciser. Bient\u00f4t plus d&rsquo;infos.<\/p>\n","protected":false},"author":1,"featured_media":11,"comment_status":"open","ping_status":"open","sticky":false,"template":"","format":"standard","meta":[],"categories":[1],"tags":[],"_links":{"self":[{"href":"http:\/\/maitallurgie.be\/2020\/wp-json\/wp\/v2\/posts\/1"}],"collection":[{"href":"http:\/\/maitallurgie.be\/2020\/wp-json\/wp\/v2\/posts"}],"about":[{"href":"http:\/\/maitallurgie.be\/2020\/wp-json\/wp\/v2\/types\/post"}],"author":[{"embeddable":true,"href":"http:\/\/maitallurgie.be\/2020\/wp-json\/wp\/v2\/users\/1"}],"replies":[{"embeddable":true,"href":"http:\/\/maitallurgie.be\/2020\/wp-json\/wp\/v2\/comments?post=1"}],"version-history":[{"count":5,"href":"http:\/\/maitallurgie.be\/2020\/wp-json\/wp\/v2\/posts\/1\/revisions"}],"predecessor-version":[{"id":84,"href":"http:\/\/maitallurgie.be\/2020\/wp-json\/wp\/v2\/posts\/1\/revisions\/84"}],"wp:featuredmedia":[{"embeddable":true,"href":"http:\/\/maitallurgie.be\/2020\/wp-json\/wp\/v2\/media\/11"}],"wp:attachment":[{"href":"http:\/\/maitallurgie.be\/2020\/wp-json\/wp\/v2\/media?parent=1"}],"wp:term":[{"taxonomy":"category","embeddable":true,"href":"http:\/\/maitallurgie.be\/2020\/wp-json\/wp\/v2\/categories?post=1"},{"taxonomy":"post_tag","embeddable":true,"href":"http:\/\/maitallurgie.be\/2020\/wp-json\/wp\/v2\/tags?post=1"}],"curies":[{"name":"wp","href":"https:\/\/api.w.org\/{rel}","templated":true}]}}